{"id":767,"date":"2023-11-23T21:59:00","date_gmt":"2023-11-23T21:59:00","guid":{"rendered":"https:\/\/healthworkforce.ca\/health-workforce-canada-has-an-interim-ceo\/"},"modified":"2024-06-21T17:58:32","modified_gmt":"2024-06-21T17:58:32","slug":"health-workforce-canada-has-an-interim-ceo","status":"publish","type":"post","link":"https:\/\/healthworkforce.ca\/fr\/health-workforce-canada-has-an-interim-ceo\/","title":{"rendered":"Effectif de la sant\u00e9 Canada d\u00e9signe une pr\u00e9sidente-directrice g\u00e9n\u00e9rale int\u00e9rimaire."},"content":{"rendered":"\n<p>Effectif de la sant\u00e9 Canada d\u00e9signe une pr\u00e9sidente-directrice g\u00e9n\u00e9rale int\u00e9rimaire.<\/p>\n\n\n\n<p>Deb Gordon, ancienne vice-pr\u00e9sidente et chef des op\u00e9rations de Services de sant\u00e9 de l\u2019Alberta a en effet \u00e9t\u00e9 nomm\u00e9e au poste de PDG int\u00e9rimaire par le Conseil d\u2019administration du nouvel organisme.<\/p>\n\n\n\n<p>\u00ab Deb Gordon est une sommit\u00e9 dans le milieu des soins de sant\u00e9. Sa vaste exp\u00e9rience dans des postes de direction en sant\u00e9 et son approche collaborative permettront \u00e0 notre organisme de jeter les assises d\u2019une collaboration avec des partenaires pour b\u00e2tir une solide main-d\u2019\u0153uvre de la sant\u00e9 au Canada qui r\u00e9pondra aux besoins des patients, a expliqu\u00e9 jeudi la pr\u00e9sidente du Conseil, Glenda Yeates. \u00bb<\/p>\n\n\n\n<p>Effectif de la sant\u00e9 Canada travaillera en \u00e9troite collaboration avec tous les intervenants du syst\u00e8me de sant\u00e9 afin d\u2019am\u00e9liorer la collecte et le partage des donn\u00e9es et de trouver des approches novatrices et des solutions concr\u00e8tes pour r\u00e9soudre les probl\u00e8mes de longue date qui touchent le personnel de la sant\u00e9 au Canada.<\/p>\n","protected":false},"excerpt":{"rendered":"<p>Effectif de la sant\u00e9 Canada d\u00e9signe une pr\u00e9sidente-directrice g\u00e9n\u00e9rale int\u00e9rimaire. Deb Gordon, ancienne vice-pr\u00e9sidente et chef des op\u00e9rations de Services de sant\u00e9 de l\u2019Alberta a en effet \u00e9t\u00e9 nomm\u00e9e au poste de PDG int\u00e9rimaire par le Conseil d\u2019administration du nouvel organisme. \u00ab Deb Gordon est une sommit\u00e9 dans le milieu des soins de sant\u00e9. Sa [&hellip;]<\/p>\n","protected":false},"author":1,"featured_media":0,"comment_status":"open","ping_status":"open","sticky":false,"template":"","format":"standard","meta":{"_acf_changed":false,"footnotes":""},"categories":[41],"tags":[],"class_list":["post-767","post","type-post","status-publish","format-standard","hentry","category-press-release-fr"],"acf":[],"yoast_head":"<!-- This site is optimized with the Yoast SEO plugin v27.2 - https:\/\/yoast.com\/product\/yoast-seo-wordpress\/ -->\n<title>Effectif de la sant\u00e9 Canada d\u00e9signe une pr\u00e9sidente-directrice g\u00e9n\u00e9rale int\u00e9rimaire. - Health Workforce Canada<\/title>\n<meta name=\"robots\" content=\"index, follow, max-snippet:-1, max-image-preview:large, max-video-preview:-1\" \/>\n<link rel=\"canonical\" href=\"https:\/\/healthworkforce.ca\/fr\/health-workforce-canada-has-an-interim-ceo\/\" \/>\n<meta property=\"og:locale\" content=\"fr_FR\" \/>\n<meta property=\"og:type\" content=\"article\" \/>\n<meta property=\"og:title\" content=\"Effectif de la sant\u00e9 Canada d\u00e9signe une pr\u00e9sidente-directrice g\u00e9n\u00e9rale int\u00e9rimaire. - Health Workforce Canada\" \/>\n<meta property=\"og:description\" content=\"Effectif de la sant\u00e9 Canada d\u00e9signe une pr\u00e9sidente-directrice g\u00e9n\u00e9rale int\u00e9rimaire. Deb Gordon, ancienne vice-pr\u00e9sidente et chef des op\u00e9rations de Services de sant\u00e9 de l\u2019Alberta a en effet \u00e9t\u00e9 nomm\u00e9e au poste de PDG int\u00e9rimaire par le Conseil d\u2019administration du nouvel organisme. \u00ab Deb Gordon est une sommit\u00e9 dans le milieu des soins de sant\u00e9. Sa [&hellip;]\" \/>\n<meta property=\"og:url\" content=\"https:\/\/healthworkforce.ca\/fr\/health-workforce-canada-has-an-interim-ceo\/\" \/>\n<meta property=\"og:site_name\" content=\"Health Workforce Canada\" \/>\n<meta property=\"article:published_time\" content=\"2023-11-23T21:59:00+00:00\" \/>\n<meta property=\"article:modified_time\" content=\"2024-06-21T17:58:32+00:00\" \/>\n<meta name=\"author\" content=\"healthworkfdev\" \/>\n<meta name=\"twitter:card\" content=\"summary_large_image\" \/>\n<meta name=\"twitter:label1\" content=\"\u00c9crit par\" \/>\n\t<meta name=\"twitter:data1\" content=\"healthworkfdev\" \/>\n\t<meta name=\"twitter:label2\" content=\"Dur\u00e9e de lecture estim\u00e9e\" \/>\n\t<meta name=\"twitter:data2\" content=\"1 minute\" \/>\n<script type=\"application\/ld+json\" class=\"yoast-schema-graph\">{\"@context\":\"https:\/\/schema.org\",\"@graph\":[{\"@type\":\"Article\",\"@id\":\"https:\/\/healthworkforce.ca\/fr\/health-workforce-canada-has-an-interim-ceo\/#article\",\"isPartOf\":{\"@id\":\"https:\/\/healthworkforce.ca\/fr\/health-workforce-canada-has-an-interim-ceo\/\"},\"author\":{\"name\":\"healthworkfdev\",\"@id\":\"https:\/\/healthworkforce.ca\/fr\/#\/schema\/person\/65f917d730db42c65e870b735bdd20af\"},\"headline\":\"Effectif de la sant\u00e9 Canada d\u00e9signe une pr\u00e9sidente-directrice g\u00e9n\u00e9rale int\u00e9rimaire.\",\"datePublished\":\"2023-11-23T21:59:00+00:00\",\"dateModified\":\"2024-06-21T17:58:32+00:00\",\"mainEntityOfPage\":{\"@id\":\"https:\/\/healthworkforce.ca\/fr\/health-workforce-canada-has-an-interim-ceo\/\"},\"wordCount\":195,\"commentCount\":0,\"publisher\":{\"@id\":\"https:\/\/healthworkforce.ca\/fr\/#organization\"},\"articleSection\":[\"Press Release\"],\"inLanguage\":\"fr-FR\",\"potentialAction\":[{\"@type\":\"CommentAction\",\"name\":\"Comment\",\"target\":[\"https:\/\/healthworkforce.ca\/fr\/health-workforce-canada-has-an-interim-ceo\/#respond\"]}]},{\"@type\":\"WebPage\",\"@id\":\"https:\/\/healthworkforce.ca\/fr\/health-workforce-canada-has-an-interim-ceo\/\",\"url\":\"https:\/\/healthworkforce.ca\/fr\/health-workforce-canada-has-an-interim-ceo\/\",\"name\":\"Effectif de la sant\u00e9 Canada d\u00e9signe une pr\u00e9sidente-directrice g\u00e9n\u00e9rale int\u00e9rimaire. - Health Workforce Canada\",\"isPartOf\":{\"@id\":\"https:\/\/healthworkforce.ca\/fr\/#website\"},\"datePublished\":\"2023-11-23T21:59:00+00:00\",\"dateModified\":\"2024-06-21T17:58:32+00:00\",\"breadcrumb\":{\"@id\":\"https:\/\/healthworkforce.ca\/fr\/health-workforce-canada-has-an-interim-ceo\/#breadcrumb\"},\"inLanguage\":\"fr-FR\",\"potentialAction\":[{\"@type\":\"ReadAction\",\"target\":[\"https:\/\/healthworkforce.ca\/fr\/health-workforce-canada-has-an-interim-ceo\/\"]}]},{\"@type\":\"BreadcrumbList\",\"@id\":\"https:\/\/healthworkforce.ca\/fr\/health-workforce-canada-has-an-interim-ceo\/#breadcrumb\",\"itemListElement\":[]},{\"@type\":\"WebSite\",\"@id\":\"https:\/\/healthworkforce.ca\/fr\/#website\",\"url\":\"https:\/\/healthworkforce.ca\/fr\/\",\"name\":\"Health Workforce Canada\",\"description\":\"\",\"publisher\":{\"@id\":\"https:\/\/healthworkforce.ca\/fr\/#organization\"},\"potentialAction\":[{\"@type\":\"SearchAction\",\"target\":{\"@type\":\"EntryPoint\",\"urlTemplate\":\"https:\/\/healthworkforce.ca\/fr\/?s={search_term_string}\"},\"query-input\":{\"@type\":\"PropertyValueSpecification\",\"valueRequired\":true,\"valueName\":\"search_term_string\"}}],\"inLanguage\":\"fr-FR\"},{\"@type\":\"Organization\",\"@id\":\"https:\/\/healthworkforce.ca\/fr\/#organization\",\"name\":\"Health Workforce Canada\",\"alternateName\":\"HWC\",\"url\":\"https:\/\/healthworkforce.ca\/fr\/\",\"logo\":{\"@type\":\"ImageObject\",\"inLanguage\":\"fr-FR\",\"@id\":\"https:\/\/healthworkforce.ca\/fr\/#\/schema\/logo\/image\/\",\"url\":\"https:\/\/healthworkforce.ca\/wp-content\/uploads\/2024\/06\/HWC-logo.svg\",\"contentUrl\":\"https:\/\/healthworkforce.ca\/wp-content\/uploads\/2024\/06\/HWC-logo.svg\",\"width\":1871,\"height\":344,\"caption\":\"Health Workforce Canada\"},\"image\":{\"@id\":\"https:\/\/healthworkforce.ca\/fr\/#\/schema\/logo\/image\/\"},\"sameAs\":[\"https:\/\/www.linkedin.com\/company\/health-workforce-canada\/\"]},{\"@type\":\"Person\",\"@id\":\"https:\/\/healthworkforce.ca\/fr\/#\/schema\/person\/65f917d730db42c65e870b735bdd20af\",\"name\":\"healthworkfdev\",\"image\":{\"@type\":\"ImageObject\",\"inLanguage\":\"fr-FR\",\"@id\":\"https:\/\/secure.gravatar.com\/avatar\/5f129b363194fa4a6fb6e72b2640d0d4de15a36e42e371823146f61a36e30240?s=96&d=mm&r=g\",\"url\":\"https:\/\/secure.gravatar.com\/avatar\/5f129b363194fa4a6fb6e72b2640d0d4de15a36e42e371823146f61a36e30240?s=96&d=mm&r=g\",\"contentUrl\":\"https:\/\/secure.gravatar.com\/avatar\/5f129b363194fa4a6fb6e72b2640d0d4de15a36e42e371823146f61a36e30240?s=96&d=mm&r=g\",\"caption\":\"healthworkfdev\"},\"sameAs\":[\"https:\/\/healthworkforce.ca\"]}]}<\/script>\n<!-- \/ Yoast SEO plugin. -->","yoast_head_json":{"title":"Effectif de la sant\u00e9 Canada d\u00e9signe une pr\u00e9sidente-directrice g\u00e9n\u00e9rale int\u00e9rimaire. - Health Workforce Canada","robots":{"index":"index","follow":"follow","max-snippet":"max-snippet:-1","max-image-preview":"max-image-preview:large","max-video-preview":"max-video-preview:-1"},"canonical":"https:\/\/healthworkforce.ca\/fr\/health-workforce-canada-has-an-interim-ceo\/","og_locale":"fr_FR","og_type":"article","og_title":"Effectif de la sant\u00e9 Canada d\u00e9signe une pr\u00e9sidente-directrice g\u00e9n\u00e9rale int\u00e9rimaire. - Health Workforce Canada","og_description":"Effectif de la sant\u00e9 Canada d\u00e9signe une pr\u00e9sidente-directrice g\u00e9n\u00e9rale int\u00e9rimaire. Deb Gordon, ancienne vice-pr\u00e9sidente et chef des op\u00e9rations de Services de sant\u00e9 de l\u2019Alberta a en effet \u00e9t\u00e9 nomm\u00e9e au poste de PDG int\u00e9rimaire par le Conseil d\u2019administration du nouvel organisme. \u00ab Deb Gordon est une sommit\u00e9 dans le milieu des soins de sant\u00e9. Sa [&hellip;]","og_url":"https:\/\/healthworkforce.ca\/fr\/health-workforce-canada-has-an-interim-ceo\/","og_site_name":"Health Workforce Canada","article_published_time":"2023-11-23T21:59:00+00:00","article_modified_time":"2024-06-21T17:58:32+00:00","author":"healthworkfdev","twitter_card":"summary_large_image","twitter_misc":{"\u00c9crit par":"healthworkfdev","Dur\u00e9e de lecture estim\u00e9e":"1 minute"},"schema":{"@context":"https:\/\/schema.org","@graph":[{"@type":"Article","@id":"https:\/\/healthworkforce.ca\/fr\/health-workforce-canada-has-an-interim-ceo\/#article","isPartOf":{"@id":"https:\/\/healthworkforce.ca\/fr\/health-workforce-canada-has-an-interim-ceo\/"},"author":{"name":"healthworkfdev","@id":"https:\/\/healthworkforce.ca\/fr\/#\/schema\/person\/65f917d730db42c65e870b735bdd20af"},"headline":"Effectif de la sant\u00e9 Canada d\u00e9signe une pr\u00e9sidente-directrice g\u00e9n\u00e9rale int\u00e9rimaire.","datePublished":"2023-11-23T21:59:00+00:00","dateModified":"2024-06-21T17:58:32+00:00","mainEntityOfPage":{"@id":"https:\/\/healthworkforce.ca\/fr\/health-workforce-canada-has-an-interim-ceo\/"},"wordCount":195,"commentCount":0,"publisher":{"@id":"https:\/\/healthworkforce.ca\/fr\/#organization"},"articleSection":["Press Release"],"inLanguage":"fr-FR","potentialAction":[{"@type":"CommentAction","name":"Comment","target":["https:\/\/healthworkforce.ca\/fr\/health-workforce-canada-has-an-interim-ceo\/#respond"]}]},{"@type":"WebPage","@id":"https:\/\/healthworkforce.ca\/fr\/health-workforce-canada-has-an-interim-ceo\/","url":"https:\/\/healthworkforce.ca\/fr\/health-workforce-canada-has-an-interim-ceo\/","name":"Effectif de la sant\u00e9 Canada d\u00e9signe une pr\u00e9sidente-directrice g\u00e9n\u00e9rale int\u00e9rimaire. - Health Workforce Canada","isPartOf":{"@id":"https:\/\/healthworkforce.ca\/fr\/#website"},"datePublished":"2023-11-23T21:59:00+00:00","dateModified":"2024-06-21T17:58:32+00:00","breadcrumb":{"@id":"https:\/\/healthworkforce.ca\/fr\/health-workforce-canada-has-an-interim-ceo\/#breadcrumb"},"inLanguage":"fr-FR","potentialAction":[{"@type":"ReadAction","target":["https:\/\/healthworkforce.ca\/fr\/health-workforce-canada-has-an-interim-ceo\/"]}]},{"@type":"BreadcrumbList","@id":"https:\/\/healthworkforce.ca\/fr\/health-workforce-canada-has-an-interim-ceo\/#breadcrumb","itemListElement":[]},{"@type":"WebSite","@id":"https:\/\/healthworkforce.ca\/fr\/#website","url":"https:\/\/healthworkforce.ca\/fr\/","name":"Health Workforce Canada","description":"","publisher":{"@id":"https:\/\/healthworkforce.ca\/fr\/#organization"},"potentialAction":[{"@type":"SearchAction","target":{"@type":"EntryPoint","urlTemplate":"https:\/\/healthworkforce.ca\/fr\/?s={search_term_string}"},"query-input":{"@type":"PropertyValueSpecification","valueRequired":true,"valueName":"search_term_string"}}],"inLanguage":"fr-FR"},{"@type":"Organization","@id":"https:\/\/healthworkforce.ca\/fr\/#organization","name":"Health Workforce Canada","alternateName":"HWC","url":"https:\/\/healthworkforce.ca\/fr\/","logo":{"@type":"ImageObject","inLanguage":"fr-FR","@id":"https:\/\/healthworkforce.ca\/fr\/#\/schema\/logo\/image\/","url":"https:\/\/healthworkforce.ca\/wp-content\/uploads\/2024\/06\/HWC-logo.svg","contentUrl":"https:\/\/healthworkforce.ca\/wp-content\/uploads\/2024\/06\/HWC-logo.svg","width":1871,"height":344,"caption":"Health Workforce Canada"},"image":{"@id":"https:\/\/healthworkforce.ca\/fr\/#\/schema\/logo\/image\/"},"sameAs":["https:\/\/www.linkedin.com\/company\/health-workforce-canada\/"]},{"@type":"Person","@id":"https:\/\/healthworkforce.ca\/fr\/#\/schema\/person\/65f917d730db42c65e870b735bdd20af","name":"healthworkfdev","image":{"@type":"ImageObject","inLanguage":"fr-FR","@id":"https:\/\/secure.gravatar.com\/avatar\/5f129b363194fa4a6fb6e72b2640d0d4de15a36e42e371823146f61a36e30240?s=96&d=mm&r=g","url":"https:\/\/secure.gravatar.com\/avatar\/5f129b363194fa4a6fb6e72b2640d0d4de15a36e42e371823146f61a36e30240?s=96&d=mm&r=g","contentUrl":"https:\/\/secure.gravatar.com\/avatar\/5f129b363194fa4a6fb6e72b2640d0d4de15a36e42e371823146f61a36e30240?s=96&d=mm&r=g","caption":"healthworkfdev"},"sameAs":["https:\/\/healthworkforce.ca"]}]}},"_links":{"self":[{"href":"https:\/\/healthworkforce.ca\/fr\/wp-json\/wp\/v2\/posts\/767","targetHints":{"allow":["GET"]}}],"collection":[{"href":"https:\/\/healthworkforce.ca\/fr\/wp-json\/wp\/v2\/posts"}],"about":[{"href":"https:\/\/healthworkforce.ca\/fr\/wp-json\/wp\/v2\/types\/post"}],"author":[{"embeddable":true,"href":"https:\/\/healthworkforce.ca\/fr\/wp-json\/wp\/v2\/users\/1"}],"replies":[{"embeddable":true,"href":"https:\/\/healthworkforce.ca\/fr\/wp-json\/wp\/v2\/comments?post=767"}],"version-history":[{"count":0,"href":"https:\/\/healthworkforce.ca\/fr\/wp-json\/wp\/v2\/posts\/767\/revisions"}],"wp:attachment":[{"href":"https:\/\/healthworkforce.ca\/fr\/wp-json\/wp\/v2\/media?parent=767"}],"wp:term":[{"taxonomy":"category","embeddable":true,"href":"https:\/\/healthworkforce.ca\/fr\/wp-json\/wp\/v2\/categories?post=767"},{"taxonomy":"post_tag","embeddable":true,"href":"https:\/\/healthworkforce.ca\/fr\/wp-json\/wp\/v2\/tags?post=767"}],"curies":[{"name":"wp","href":"https:\/\/api.w.org\/{rel}","templated":true}]}}