{"id":753,"date":"2024-06-05T17:22:42","date_gmt":"2024-06-05T17:22:42","guid":{"rendered":"https:\/\/healthworkforce.ca\/health-workforce-at-the-centre-of-ais-transformation-of-our-health-systems-e-health-conference\/"},"modified":"2026-04-28T13:44:07","modified_gmt":"2026-04-28T13:44:07","slug":"le-personnel-de-sante-au-coeur-de-la-transformation-de-nos-systemes-de-sante-par-lia-conference-e-health","status":"publish","type":"post","link":"https:\/\/healthworkforce.ca\/fr\/le-personnel-de-sante-au-coeur-de-la-transformation-de-nos-systemes-de-sante-par-lia-conference-e-health\/","title":{"rendered":"Le personnel de sant\u00e9 au c\u0153ur de la transformation de nos syst\u00e8mes de sant\u00e9 par l\u2019IA : conf\u00e9rence e-Health"},"content":{"rendered":"\n<figure class=\"wp-block-image size-full\"><img fetchpriority=\"high\" decoding=\"async\" width=\"960\" height=\"502\" src=\"https:\/\/healthworkforce.ca\/wp-content\/uploads\/2024\/06\/hwc-news-post.jpg\" alt=\"\" class=\"wp-image-626\" srcset=\"https:\/\/healthworkforce.ca\/wp-content\/uploads\/2024\/06\/hwc-news-post.jpg 960w, https:\/\/healthworkforce.ca\/wp-content\/uploads\/2024\/06\/hwc-news-post-300x157.jpg 300w, https:\/\/healthworkforce.ca\/wp-content\/uploads\/2024\/06\/hwc-news-post-768x402.jpg 768w\" sizes=\"(max-width: 960px) 100vw, 960px\" \/><\/figure>\n\n\n\n<p>Le 5\u00a0juin\u00a02024<\/p>\n\n\n\n<p>Les syst\u00e8mes de sant\u00e9 du Canada misent sur la modernisation de leurs syst\u00e8mes de donn\u00e9es de sant\u00e9 afin que l\u2019information puisse circuler de mani\u00e8re fluide&nbsp;: c\u2019est ce qu\u2019ont appris les personnes ayant particip\u00e9 \u00e0 la conf\u00e9rence e-Health de cette ann\u00e9e. On nous a aussi parl\u00e9 des nombreuses avanc\u00e9es passionnantes dans le domaine de l\u2019intelligence artificielle&nbsp;(IA) et du r\u00f4le central que doit jouer le personnel de sant\u00e9.<\/p>\n\n\n\n<p>Une s\u00e9rie d\u2019innovations se profile pour l\u2019avenir, notamment de nouvelles avanc\u00e9es dans le traitement du langage naturel, des robots intelligents et des capteurs de mouvements. De fait, plusieurs r\u00e9gions sanitaires s\u2019emploient \u00e0 mettre sur pied un \u00ab&nbsp;jumeau num\u00e9rique&nbsp;\u00bb capable de centraliser et d\u2019analyser tous les aspects des donn\u00e9es de sant\u00e9 pour aider les responsables des politiques \u00e0 \u00e9valuer les options de planification dans le continuum des soins aux patients.&nbsp;<\/p>\n\n\n\n<p>Il a \u00e9t\u00e9 question de dispositifs num\u00e9riques respectant la vie priv\u00e9e qui peuvent suivre les mouvements des patients et des prestataires de soins de sant\u00e9 dans les h\u00f4pitaux afin, par exemple, de reconna\u00eetre les chutes des patients et le lavage ad\u00e9quat des mains par le personnel. Il y avait m\u00eame une interface robotique humanis\u00e9e capable de parler directement aux patients et de r\u00e9pondre \u00e0 leurs questions comme une personne r\u00e9elle, un sourire amical en prime!<\/p>\n\n\n\n<p>Une grande partie du travail en est encore \u00e0 ses d\u00e9buts, et des entreprises collaborent pour d\u00e9velopper des outils d\u2019IA qui r\u00e9solvent des probl\u00e8mes importants dans le syst\u00e8me. Une telle collaboration sera essentielle. De nombreuses personnes ont \u00e9voqu\u00e9 la n\u00e9cessit\u00e9 de d\u00e9composer les processus pour en d\u00e9gager les \u00e9l\u00e9ments, afin d\u2019explorer les domaines dans lesquels l\u2019IA peut \u00eatre int\u00e9gr\u00e9e pour r\u00e9aliser des gains d\u2019efficacit\u00e9 dans les flux de travail. D\u2019autres ont \u00e9voqu\u00e9 la n\u00e9cessit\u00e9 de mettre en place des structures de gouvernance efficaces pour les projets d\u2019IA, afin que la transmission des donn\u00e9es, la protection de la vie priv\u00e9e et le consentement des patients restent une priorit\u00e9. Peut-\u00eatre plus important encore, le message selon lequel l\u2019IA devrait aider les prestataires de soins de sant\u00e9 \u00e0 faire leur travail, mais laisser la prise de d\u00e9cision aux humains \u00e9tait sur toutes les l\u00e8vres.<\/p>\n\n\n\n<p>J\u2019ai quitt\u00e9 la conf\u00e9rence avec le sentiment que nous sommes \u00e0 l\u2019aube de changements importants dans le domaine des soins de sant\u00e9 et que les prestataires de soins doivent jouer un r\u00f4le central dans l\u2019\u00e9volution de l\u2019IA. Le personnel de sant\u00e9 ne fera pas seulement partie de la transformation du syst\u00e8me de sant\u00e9, il en sera un moteur essentiel. Il m\u2019est apparu clairement qu\u2019en fin de compte, les humains devront adopter ces nouvelles technologies de l\u2019IA dans leurs flux de travail, et que ce sont les humains qui catalyseront le changement.<\/p>\n\n\n\n<p><em>Deb&nbsp;Cohen est chef de l\u2019exploitation \u00e0 Effectif de la sant\u00e9 Canada.<\/em><\/p>\n","protected":false},"excerpt":{"rendered":"<p>Le 5\u00a0juin\u00a02024 Les syst\u00e8mes de sant\u00e9 du Canada misent sur la modernisation de leurs syst\u00e8mes de donn\u00e9es de sant\u00e9 afin que l\u2019information puisse circuler de mani\u00e8re fluide&nbsp;: c\u2019est ce qu\u2019ont appris les personnes ayant particip\u00e9 \u00e0 la conf\u00e9rence e-Health de cette ann\u00e9e. On nous a aussi parl\u00e9 des nombreuses avanc\u00e9es passionnantes dans le domaine de [&hellip;]<\/p>\n","protected":false},"author":1,"featured_media":704,"comment_status":"open","ping_status":"open","sticky":false,"template":"","format":"standard","meta":{"_acf_changed":false,"footnotes":""},"categories":[36],"tags":[],"class_list":["post-753","post","type-post","status-publish","format-standard","has-post-thumbnail","hentry","category-events-fr"],"acf":[],"yoast_head":"<!-- This site is optimized with the Yoast SEO plugin v27.2 - https:\/\/yoast.com\/product\/yoast-seo-wordpress\/ -->\n<title>Le personnel de sant\u00e9 au c\u0153ur de la transformation de nos syst\u00e8mes de sant\u00e9 par l\u2019IA : conf\u00e9rence e-Health - Health Workforce Canada<\/title>\n<meta name=\"robots\" content=\"index, follow, max-snippet:-1, max-image-preview:large, max-video-preview:-1\" \/>\n<link rel=\"canonical\" href=\"https:\/\/healthworkforce.ca\/fr\/le-personnel-de-sante-au-coeur-de-la-transformation-de-nos-systemes-de-sante-par-lia-conference-e-health\/\" \/>\n<meta property=\"og:locale\" content=\"fr_FR\" \/>\n<meta property=\"og:type\" content=\"article\" \/>\n<meta property=\"og:title\" content=\"Le personnel de sant\u00e9 au c\u0153ur de la transformation de nos syst\u00e8mes de sant\u00e9 par l\u2019IA : conf\u00e9rence e-Health - Health Workforce Canada\" \/>\n<meta property=\"og:description\" content=\"Le 5\u00a0juin\u00a02024 Les syst\u00e8mes de sant\u00e9 du Canada misent sur la modernisation de leurs syst\u00e8mes de donn\u00e9es de sant\u00e9 afin que l\u2019information puisse circuler de mani\u00e8re fluide&nbsp;: c\u2019est ce qu\u2019ont appris les personnes ayant particip\u00e9 \u00e0 la conf\u00e9rence e-Health de cette ann\u00e9e. On nous a aussi parl\u00e9 des nombreuses avanc\u00e9es passionnantes dans le domaine de [&hellip;]\" \/>\n<meta property=\"og:url\" content=\"https:\/\/healthworkforce.ca\/fr\/le-personnel-de-sante-au-coeur-de-la-transformation-de-nos-systemes-de-sante-par-lia-conference-e-health\/\" \/>\n<meta property=\"og:site_name\" content=\"Health Workforce Canada\" \/>\n<meta property=\"article:published_time\" content=\"2024-06-05T17:22:42+00:00\" \/>\n<meta property=\"article:modified_time\" content=\"2026-04-28T13:44:07+00:00\" \/>\n<meta property=\"og:image\" content=\"https:\/\/healthworkforce.ca\/wp-content\/uploads\/2024\/06\/hwc-news-post.jpg\" \/>\n\t<meta property=\"og:image:width\" content=\"960\" \/>\n\t<meta property=\"og:image:height\" content=\"502\" \/>\n\t<meta property=\"og:image:type\" content=\"image\/jpeg\" \/>\n<meta name=\"author\" content=\"healthworkfdev\" \/>\n<meta name=\"twitter:card\" content=\"summary_large_image\" \/>\n<meta name=\"twitter:label1\" content=\"\u00c9crit par\" \/>\n\t<meta name=\"twitter:data1\" content=\"healthworkfdev\" \/>\n\t<meta name=\"twitter:label2\" content=\"Dur\u00e9e de lecture estim\u00e9e\" \/>\n\t<meta name=\"twitter:data2\" content=\"3 minutes\" \/>\n<script type=\"application\/ld+json\" class=\"yoast-schema-graph\">{\"@context\":\"https:\/\/schema.org\",\"@graph\":[{\"@type\":\"Article\",\"@id\":\"https:\/\/healthworkforce.ca\/fr\/le-personnel-de-sante-au-coeur-de-la-transformation-de-nos-systemes-de-sante-par-lia-conference-e-health\/#article\",\"isPartOf\":{\"@id\":\"https:\/\/healthworkforce.ca\/fr\/le-personnel-de-sante-au-coeur-de-la-transformation-de-nos-systemes-de-sante-par-lia-conference-e-health\/\"},\"author\":{\"name\":\"healthworkfdev\",\"@id\":\"https:\/\/healthworkforce.ca\/fr\/#\/schema\/person\/65f917d730db42c65e870b735bdd20af\"},\"headline\":\"Le personnel de sant\u00e9 au c\u0153ur de la transformation de nos syst\u00e8mes de sant\u00e9 par l\u2019IA : conf\u00e9rence e-Health\",\"datePublished\":\"2024-06-05T17:22:42+00:00\",\"dateModified\":\"2026-04-28T13:44:07+00:00\",\"mainEntityOfPage\":{\"@id\":\"https:\/\/healthworkforce.ca\/fr\/le-personnel-de-sante-au-coeur-de-la-transformation-de-nos-systemes-de-sante-par-lia-conference-e-health\/\"},\"wordCount\":543,\"commentCount\":0,\"publisher\":{\"@id\":\"https:\/\/healthworkforce.ca\/fr\/#organization\"},\"image\":{\"@id\":\"https:\/\/healthworkforce.ca\/fr\/le-personnel-de-sante-au-coeur-de-la-transformation-de-nos-systemes-de-sante-par-lia-conference-e-health\/#primaryimage\"},\"thumbnailUrl\":\"https:\/\/healthworkforce.ca\/wp-content\/uploads\/2024\/06\/hwc-news-post.jpg\",\"articleSection\":[\"Events\"],\"inLanguage\":\"fr-FR\",\"potentialAction\":[{\"@type\":\"CommentAction\",\"name\":\"Comment\",\"target\":[\"https:\/\/healthworkforce.ca\/fr\/le-personnel-de-sante-au-coeur-de-la-transformation-de-nos-systemes-de-sante-par-lia-conference-e-health\/#respond\"]}]},{\"@type\":\"WebPage\",\"@id\":\"https:\/\/healthworkforce.ca\/fr\/le-personnel-de-sante-au-coeur-de-la-transformation-de-nos-systemes-de-sante-par-lia-conference-e-health\/\",\"url\":\"https:\/\/healthworkforce.ca\/fr\/le-personnel-de-sante-au-coeur-de-la-transformation-de-nos-systemes-de-sante-par-lia-conference-e-health\/\",\"name\":\"Le personnel de sant\u00e9 au c\u0153ur de la transformation de nos syst\u00e8mes de sant\u00e9 par l\u2019IA : conf\u00e9rence e-Health - Health Workforce Canada\",\"isPartOf\":{\"@id\":\"https:\/\/healthworkforce.ca\/fr\/#website\"},\"primaryImageOfPage\":{\"@id\":\"https:\/\/healthworkforce.ca\/fr\/le-personnel-de-sante-au-coeur-de-la-transformation-de-nos-systemes-de-sante-par-lia-conference-e-health\/#primaryimage\"},\"image\":{\"@id\":\"https:\/\/healthworkforce.ca\/fr\/le-personnel-de-sante-au-coeur-de-la-transformation-de-nos-systemes-de-sante-par-lia-conference-e-health\/#primaryimage\"},\"thumbnailUrl\":\"https:\/\/healthworkforce.ca\/wp-content\/uploads\/2024\/06\/hwc-news-post.jpg\",\"datePublished\":\"2024-06-05T17:22:42+00:00\",\"dateModified\":\"2026-04-28T13:44:07+00:00\",\"breadcrumb\":{\"@id\":\"https:\/\/healthworkforce.ca\/fr\/le-personnel-de-sante-au-coeur-de-la-transformation-de-nos-systemes-de-sante-par-lia-conference-e-health\/#breadcrumb\"},\"inLanguage\":\"fr-FR\",\"potentialAction\":[{\"@type\":\"ReadAction\",\"target\":[\"https:\/\/healthworkforce.ca\/fr\/le-personnel-de-sante-au-coeur-de-la-transformation-de-nos-systemes-de-sante-par-lia-conference-e-health\/\"]}]},{\"@type\":\"ImageObject\",\"inLanguage\":\"fr-FR\",\"@id\":\"https:\/\/healthworkforce.ca\/fr\/le-personnel-de-sante-au-coeur-de-la-transformation-de-nos-systemes-de-sante-par-lia-conference-e-health\/#primaryimage\",\"url\":\"https:\/\/healthworkforce.ca\/wp-content\/uploads\/2024\/06\/hwc-news-post.jpg\",\"contentUrl\":\"https:\/\/healthworkforce.ca\/wp-content\/uploads\/2024\/06\/hwc-news-post.jpg\",\"width\":960,\"height\":502},{\"@type\":\"BreadcrumbList\",\"@id\":\"https:\/\/healthworkforce.ca\/fr\/le-personnel-de-sante-au-coeur-de-la-transformation-de-nos-systemes-de-sante-par-lia-conference-e-health\/#breadcrumb\",\"itemListElement\":[]},{\"@type\":\"WebSite\",\"@id\":\"https:\/\/healthworkforce.ca\/fr\/#website\",\"url\":\"https:\/\/healthworkforce.ca\/fr\/\",\"name\":\"Health Workforce Canada\",\"description\":\"\",\"publisher\":{\"@id\":\"https:\/\/healthworkforce.ca\/fr\/#organization\"},\"potentialAction\":[{\"@type\":\"SearchAction\",\"target\":{\"@type\":\"EntryPoint\",\"urlTemplate\":\"https:\/\/healthworkforce.ca\/fr\/?s={search_term_string}\"},\"query-input\":{\"@type\":\"PropertyValueSpecification\",\"valueRequired\":true,\"valueName\":\"search_term_string\"}}],\"inLanguage\":\"fr-FR\"},{\"@type\":\"Organization\",\"@id\":\"https:\/\/healthworkforce.ca\/fr\/#organization\",\"name\":\"Health Workforce Canada\",\"alternateName\":\"HWC\",\"url\":\"https:\/\/healthworkforce.ca\/fr\/\",\"logo\":{\"@type\":\"ImageObject\",\"inLanguage\":\"fr-FR\",\"@id\":\"https:\/\/healthworkforce.ca\/fr\/#\/schema\/logo\/image\/\",\"url\":\"https:\/\/healthworkforce.ca\/wp-content\/uploads\/2024\/06\/HWC-logo.svg\",\"contentUrl\":\"https:\/\/healthworkforce.ca\/wp-content\/uploads\/2024\/06\/HWC-logo.svg\",\"width\":1871,\"height\":344,\"caption\":\"Health Workforce Canada\"},\"image\":{\"@id\":\"https:\/\/healthworkforce.ca\/fr\/#\/schema\/logo\/image\/\"},\"sameAs\":[\"https:\/\/www.linkedin.com\/company\/health-workforce-canada\/\"]},{\"@type\":\"Person\",\"@id\":\"https:\/\/healthworkforce.ca\/fr\/#\/schema\/person\/65f917d730db42c65e870b735bdd20af\",\"name\":\"healthworkfdev\",\"image\":{\"@type\":\"ImageObject\",\"inLanguage\":\"fr-FR\",\"@id\":\"https:\/\/secure.gravatar.com\/avatar\/5f129b363194fa4a6fb6e72b2640d0d4de15a36e42e371823146f61a36e30240?s=96&d=mm&r=g\",\"url\":\"https:\/\/secure.gravatar.com\/avatar\/5f129b363194fa4a6fb6e72b2640d0d4de15a36e42e371823146f61a36e30240?s=96&d=mm&r=g\",\"contentUrl\":\"https:\/\/secure.gravatar.com\/avatar\/5f129b363194fa4a6fb6e72b2640d0d4de15a36e42e371823146f61a36e30240?s=96&d=mm&r=g\",\"caption\":\"healthworkfdev\"},\"sameAs\":[\"https:\/\/healthworkforce.ca\"],\"url\":\"https:\/\/healthworkforce.ca\/fr\/author\/healthworkfdev\/\"}]}<\/script>\n<!-- \/ Yoast SEO plugin. -->","yoast_head_json":{"title":"Le personnel de sant\u00e9 au c\u0153ur de la transformation de nos syst\u00e8mes de sant\u00e9 par l\u2019IA : conf\u00e9rence e-Health - Health Workforce Canada","robots":{"index":"index","follow":"follow","max-snippet":"max-snippet:-1","max-image-preview":"max-image-preview:large","max-video-preview":"max-video-preview:-1"},"canonical":"https:\/\/healthworkforce.ca\/fr\/le-personnel-de-sante-au-coeur-de-la-transformation-de-nos-systemes-de-sante-par-lia-conference-e-health\/","og_locale":"fr_FR","og_type":"article","og_title":"Le personnel de sant\u00e9 au c\u0153ur de la transformation de nos syst\u00e8mes de sant\u00e9 par l\u2019IA : conf\u00e9rence e-Health - Health Workforce Canada","og_description":"Le 5\u00a0juin\u00a02024 Les syst\u00e8mes de sant\u00e9 du Canada misent sur la modernisation de leurs syst\u00e8mes de donn\u00e9es de sant\u00e9 afin que l\u2019information puisse circuler de mani\u00e8re fluide&nbsp;: c\u2019est ce qu\u2019ont appris les personnes ayant particip\u00e9 \u00e0 la conf\u00e9rence e-Health de cette ann\u00e9e. On nous a aussi parl\u00e9 des nombreuses avanc\u00e9es passionnantes dans le domaine de [&hellip;]","og_url":"https:\/\/healthworkforce.ca\/fr\/le-personnel-de-sante-au-coeur-de-la-transformation-de-nos-systemes-de-sante-par-lia-conference-e-health\/","og_site_name":"Health Workforce Canada","article_published_time":"2024-06-05T17:22:42+00:00","article_modified_time":"2026-04-28T13:44:07+00:00","og_image":[{"width":960,"height":502,"url":"https:\/\/healthworkforce.ca\/wp-content\/uploads\/2024\/06\/hwc-news-post.jpg","type":"image\/jpeg"}],"author":"healthworkfdev","twitter_card":"summary_large_image","twitter_misc":{"\u00c9crit par":"healthworkfdev","Dur\u00e9e de lecture estim\u00e9e":"3 minutes"},"schema":{"@context":"https:\/\/schema.org","@graph":[{"@type":"Article","@id":"https:\/\/healthworkforce.ca\/fr\/le-personnel-de-sante-au-coeur-de-la-transformation-de-nos-systemes-de-sante-par-lia-conference-e-health\/#article","isPartOf":{"@id":"https:\/\/healthworkforce.ca\/fr\/le-personnel-de-sante-au-coeur-de-la-transformation-de-nos-systemes-de-sante-par-lia-conference-e-health\/"},"author":{"name":"healthworkfdev","@id":"https:\/\/healthworkforce.ca\/fr\/#\/schema\/person\/65f917d730db42c65e870b735bdd20af"},"headline":"Le personnel de sant\u00e9 au c\u0153ur de la transformation de nos syst\u00e8mes de sant\u00e9 par l\u2019IA : conf\u00e9rence e-Health","datePublished":"2024-06-05T17:22:42+00:00","dateModified":"2026-04-28T13:44:07+00:00","mainEntityOfPage":{"@id":"https:\/\/healthworkforce.ca\/fr\/le-personnel-de-sante-au-coeur-de-la-transformation-de-nos-systemes-de-sante-par-lia-conference-e-health\/"},"wordCount":543,"commentCount":0,"publisher":{"@id":"https:\/\/healthworkforce.ca\/fr\/#organization"},"image":{"@id":"https:\/\/healthworkforce.ca\/fr\/le-personnel-de-sante-au-coeur-de-la-transformation-de-nos-systemes-de-sante-par-lia-conference-e-health\/#primaryimage"},"thumbnailUrl":"https:\/\/healthworkforce.ca\/wp-content\/uploads\/2024\/06\/hwc-news-post.jpg","articleSection":["Events"],"inLanguage":"fr-FR","potentialAction":[{"@type":"CommentAction","name":"Comment","target":["https:\/\/healthworkforce.ca\/fr\/le-personnel-de-sante-au-coeur-de-la-transformation-de-nos-systemes-de-sante-par-lia-conference-e-health\/#respond"]}]},{"@type":"WebPage","@id":"https:\/\/healthworkforce.ca\/fr\/le-personnel-de-sante-au-coeur-de-la-transformation-de-nos-systemes-de-sante-par-lia-conference-e-health\/","url":"https:\/\/healthworkforce.ca\/fr\/le-personnel-de-sante-au-coeur-de-la-transformation-de-nos-systemes-de-sante-par-lia-conference-e-health\/","name":"Le personnel de sant\u00e9 au c\u0153ur de la transformation de nos syst\u00e8mes de sant\u00e9 par l\u2019IA : conf\u00e9rence e-Health - Health Workforce Canada","isPartOf":{"@id":"https:\/\/healthworkforce.ca\/fr\/#website"},"primaryImageOfPage":{"@id":"https:\/\/healthworkforce.ca\/fr\/le-personnel-de-sante-au-coeur-de-la-transformation-de-nos-systemes-de-sante-par-lia-conference-e-health\/#primaryimage"},"image":{"@id":"https:\/\/healthworkforce.ca\/fr\/le-personnel-de-sante-au-coeur-de-la-transformation-de-nos-systemes-de-sante-par-lia-conference-e-health\/#primaryimage"},"thumbnailUrl":"https:\/\/healthworkforce.ca\/wp-content\/uploads\/2024\/06\/hwc-news-post.jpg","datePublished":"2024-06-05T17:22:42+00:00","dateModified":"2026-04-28T13:44:07+00:00","breadcrumb":{"@id":"https:\/\/healthworkforce.ca\/fr\/le-personnel-de-sante-au-coeur-de-la-transformation-de-nos-systemes-de-sante-par-lia-conference-e-health\/#breadcrumb"},"inLanguage":"fr-FR","potentialAction":[{"@type":"ReadAction","target":["https:\/\/healthworkforce.ca\/fr\/le-personnel-de-sante-au-coeur-de-la-transformation-de-nos-systemes-de-sante-par-lia-conference-e-health\/"]}]},{"@type":"ImageObject","inLanguage":"fr-FR","@id":"https:\/\/healthworkforce.ca\/fr\/le-personnel-de-sante-au-coeur-de-la-transformation-de-nos-systemes-de-sante-par-lia-conference-e-health\/#primaryimage","url":"https:\/\/healthworkforce.ca\/wp-content\/uploads\/2024\/06\/hwc-news-post.jpg","contentUrl":"https:\/\/healthworkforce.ca\/wp-content\/uploads\/2024\/06\/hwc-news-post.jpg","width":960,"height":502},{"@type":"BreadcrumbList","@id":"https:\/\/healthworkforce.ca\/fr\/le-personnel-de-sante-au-coeur-de-la-transformation-de-nos-systemes-de-sante-par-lia-conference-e-health\/#breadcrumb","itemListElement":[]},{"@type":"WebSite","@id":"https:\/\/healthworkforce.ca\/fr\/#website","url":"https:\/\/healthworkforce.ca\/fr\/","name":"Health Workforce Canada","description":"","publisher":{"@id":"https:\/\/healthworkforce.ca\/fr\/#organization"},"potentialAction":[{"@type":"SearchAction","target":{"@type":"EntryPoint","urlTemplate":"https:\/\/healthworkforce.ca\/fr\/?s={search_term_string}"},"query-input":{"@type":"PropertyValueSpecification","valueRequired":true,"valueName":"search_term_string"}}],"inLanguage":"fr-FR"},{"@type":"Organization","@id":"https:\/\/healthworkforce.ca\/fr\/#organization","name":"Health Workforce Canada","alternateName":"HWC","url":"https:\/\/healthworkforce.ca\/fr\/","logo":{"@type":"ImageObject","inLanguage":"fr-FR","@id":"https:\/\/healthworkforce.ca\/fr\/#\/schema\/logo\/image\/","url":"https:\/\/healthworkforce.ca\/wp-content\/uploads\/2024\/06\/HWC-logo.svg","contentUrl":"https:\/\/healthworkforce.ca\/wp-content\/uploads\/2024\/06\/HWC-logo.svg","width":1871,"height":344,"caption":"Health Workforce Canada"},"image":{"@id":"https:\/\/healthworkforce.ca\/fr\/#\/schema\/logo\/image\/"},"sameAs":["https:\/\/www.linkedin.com\/company\/health-workforce-canada\/"]},{"@type":"Person","@id":"https:\/\/healthworkforce.ca\/fr\/#\/schema\/person\/65f917d730db42c65e870b735bdd20af","name":"healthworkfdev","image":{"@type":"ImageObject","inLanguage":"fr-FR","@id":"https:\/\/secure.gravatar.com\/avatar\/5f129b363194fa4a6fb6e72b2640d0d4de15a36e42e371823146f61a36e30240?s=96&d=mm&r=g","url":"https:\/\/secure.gravatar.com\/avatar\/5f129b363194fa4a6fb6e72b2640d0d4de15a36e42e371823146f61a36e30240?s=96&d=mm&r=g","contentUrl":"https:\/\/secure.gravatar.com\/avatar\/5f129b363194fa4a6fb6e72b2640d0d4de15a36e42e371823146f61a36e30240?s=96&d=mm&r=g","caption":"healthworkfdev"},"sameAs":["https:\/\/healthworkforce.ca"],"url":"https:\/\/healthworkforce.ca\/fr\/author\/healthworkfdev\/"}]}},"_links":{"self":[{"href":"https:\/\/healthworkforce.ca\/fr\/wp-json\/wp\/v2\/posts\/753","targetHints":{"allow":["GET"]}}],"collection":[{"href":"https:\/\/healthworkforce.ca\/fr\/wp-json\/wp\/v2\/posts"}],"about":[{"href":"https:\/\/healthworkforce.ca\/fr\/wp-json\/wp\/v2\/types\/post"}],"author":[{"embeddable":true,"href":"https:\/\/healthworkforce.ca\/fr\/wp-json\/wp\/v2\/users\/1"}],"replies":[{"embeddable":true,"href":"https:\/\/healthworkforce.ca\/fr\/wp-json\/wp\/v2\/comments?post=753"}],"version-history":[{"count":1,"href":"https:\/\/healthworkforce.ca\/fr\/wp-json\/wp\/v2\/posts\/753\/revisions"}],"predecessor-version":[{"id":3159,"href":"https:\/\/healthworkforce.ca\/fr\/wp-json\/wp\/v2\/posts\/753\/revisions\/3159"}],"wp:featuredmedia":[{"embeddable":true,"href":"https:\/\/healthworkforce.ca\/fr\/wp-json\/wp\/v2\/media\/704"}],"wp:attachment":[{"href":"https:\/\/healthworkforce.ca\/fr\/wp-json\/wp\/v2\/media?parent=753"}],"wp:term":[{"taxonomy":"category","embeddable":true,"href":"https:\/\/healthworkforce.ca\/fr\/wp-json\/wp\/v2\/categories?post=753"},{"taxonomy":"post_tag","embeddable":true,"href":"https:\/\/healthworkforce.ca\/fr\/wp-json\/wp\/v2\/tags?post=753"}],"curies":[{"name":"wp","href":"https:\/\/api.w.org\/{rel}","templated":true}]}}