{"id":1411,"date":"2024-11-15T01:57:29","date_gmt":"2024-11-15T01:57:29","guid":{"rendered":"https:\/\/healthworkforce.ca\/?p=1411"},"modified":"2024-11-18T15:18:16","modified_gmt":"2024-11-18T15:18:16","slug":"un-premier-colloque-axe-sur-ces-personnes-au-coeur-des-soins-de-sante","status":"publish","type":"post","link":"https:\/\/healthworkforce.ca\/fr\/un-premier-colloque-axe-sur-ces-personnes-au-coeur-des-soins-de-sante\/","title":{"rendered":"Un premier colloque ax\u00e9 sur ces personnes au c\u0153ur des soins de sant\u00e9"},"content":{"rendered":"\n<figure class=\"wp-block-image size-large\"><img fetchpriority=\"high\" decoding=\"async\" width=\"1024\" height=\"683\" src=\"https:\/\/healthworkforce.ca\/wp-content\/uploads\/2024\/11\/Heatlh-Workforce-Canada-Connects-SWP-84-scaled-1-1024x683.jpg\" alt=\"\" class=\"wp-image-1404\" srcset=\"https:\/\/healthworkforce.ca\/wp-content\/uploads\/2024\/11\/Heatlh-Workforce-Canada-Connects-SWP-84-scaled-1-1024x683.jpg 1024w, https:\/\/healthworkforce.ca\/wp-content\/uploads\/2024\/11\/Heatlh-Workforce-Canada-Connects-SWP-84-scaled-1-300x200.jpg 300w, https:\/\/healthworkforce.ca\/wp-content\/uploads\/2024\/11\/Heatlh-Workforce-Canada-Connects-SWP-84-scaled-1-768x512.jpg 768w, https:\/\/healthworkforce.ca\/wp-content\/uploads\/2024\/11\/Heatlh-Workforce-Canada-Connects-SWP-84-scaled-1-1536x1024.jpg 1536w, https:\/\/healthworkforce.ca\/wp-content\/uploads\/2024\/11\/Heatlh-Workforce-Canada-Connects-SWP-84-scaled-1-2048x1366.jpg 2048w\" sizes=\"(max-width: 1024px) 100vw, 1024px\" \/><\/figure>\n\n<p>\u00c0 Montr\u00e9al, les 30 et 31\u202foctobre\u202f2024, des dirigeants des syst\u00e8mes de sant\u00e9, des employeurs, des d\u00e9cideurs, des professionnels de la sant\u00e9, des chercheurs, des soignants et des patients ont \u00e9chang\u00e9 des id\u00e9es sur la mani\u00e8re de soutenir le personnel de sant\u00e9 du Canada, ces prestataires de soins de sant\u00e9 essentiels.<\/p>\n\n<p>\u00c0 Effectif de la sant\u00e9 Canada, nous avons \u00e9t\u00e9 ravis de constater que notre tout premier colloque intitul\u00e9 Effectif de la sant\u00e9 Canada Ensemble pour la sant\u00e9 a permis de r\u00e9unir 350\u202fpersonnes qui ont pris le temps de faire part de leurs id\u00e9es sur les mesures qui s\u2019imposent pour que le Canada dispose des prestataires de soins de sant\u00e9 dont il aura besoin \u00e0 l\u2019avenir.<\/p>\n\n<p>Des personnes de tout le pays ont discut\u00e9, sur place et virtuellement, de questions difficiles concernant les donn\u00e9es sur le personnel de sant\u00e9, la planification, la culture, la politique et les personnes et de la mani\u00e8re dont nous devons travailler en collaboration pour cr\u00e9er une main-d\u2019\u0153uvre forte et en sant\u00e9.<\/p>\n\n<p>Au c\u0153ur de toutes nos discussions? Les personnes!<\/p>\n\n<p>Sans les prestataires de soins de sant\u00e9 et les \u00e9quipes de soutien exceptionnels qui constituent les syst\u00e8mes de sant\u00e9 partout au Canada; il n\u2019y aurait pas de soins de sant\u00e9.<\/p>\n\n<p>Et il y a beaucoup de travail \u00e0 faire.<\/p>\n\n<p>R\u00e9cemment, l\u2019Organisation mondiale de la sant\u00e9 pr\u00e9voyait que la p\u00e9nurie mondiale de travailleurs de la sant\u00e9 pourrait avoisiner les 10\u202fmillions de personnes d\u2019ici\u202f2030.\nLes donn\u00e9es de l\u2019ICIS r\u00e9v\u00e9laient que le Canada comptait plus de 120\u202f000\u202fpostes vacants dans le secteur de la sant\u00e9 en\u202f2022-2023. <\/p>\n\n<p>Pendant les deux jours de ce colloque inaugural, nous avons discut\u00e9 de moyens novateurs et durables qui permettraient de combler les lacunes.\nNous avons entendu parler de la n\u00e9cessit\u00e9 de collaborer et d\u2019agir.\nEt nous avons entendu clairement la communaut\u00e9 des professionnels de la sant\u00e9 dire \u00eatre pr\u00eate \u00e0 le faire.  <\/p>\n\n<p>Effectif de la sant\u00e9 Canada met en place un plan ambitieux pour nous faire progresser au cours des trois prochaines ann\u00e9es\nLes priorit\u00e9s sont les suivantes\u202f: mobiliser les r\u00e9seaux, enrichir les donn\u00e9es, cr\u00e9er des mod\u00e8les et \u00e9tablir des pr\u00e9visions, et communiquer ce qui fonctionne. <\/p>\n\n<p>Pour en savoir plus sur les prochaines \u00e9tapes, rendez-vous au <a href=\"https:\/\/healthworkforce.ca\/fr\/about-us\/\">https:\/\/healthworkforce.ca\/fr\/about-us\/ <\/a><\/p>\n\n<p>Deborah\u202fCohen est chef de l\u2019exploitation \u00e0 Effectif de la sant\u00e9 Canada.<\/p>\n","protected":false},"excerpt":{"rendered":"<p>\u00c0 Montr\u00e9al, les 30 et 31\u202foctobre\u202f2024, des dirigeants des syst\u00e8mes de sant\u00e9, des employeurs, des d\u00e9cideurs, des professionnels de la sant\u00e9, des chercheurs, des soignants et des patients ont \u00e9chang\u00e9 des id\u00e9es sur la mani\u00e8re de soutenir le personnel de sant\u00e9 du Canada, ces prestataires de soins de sant\u00e9 essentiels. \u00c0 Effectif de la sant\u00e9 [&hellip;]<\/p>\n","protected":false},"author":3,"featured_media":0,"comment_status":"open","ping_status":"open","sticky":false,"template":"","format":"standard","meta":{"_acf_changed":false,"footnotes":""},"categories":[74],"tags":[],"class_list":["post-1411","post","type-post","status-publish","format-standard","hentry","category-blogue-fr"],"acf":[],"yoast_head":"<!-- This site is optimized with the Yoast SEO plugin v27.2 - https:\/\/yoast.com\/product\/yoast-seo-wordpress\/ -->\n<title>Un premier colloque ax\u00e9 sur ces personnes au c\u0153ur des soins de sant\u00e9 - Health Workforce Canada<\/title>\n<meta name=\"robots\" content=\"index, follow, max-snippet:-1, max-image-preview:large, max-video-preview:-1\" \/>\n<link rel=\"canonical\" href=\"https:\/\/healthworkforce.ca\/fr\/un-premier-colloque-axe-sur-ces-personnes-au-coeur-des-soins-de-sante\/\" \/>\n<meta property=\"og:locale\" content=\"fr_FR\" \/>\n<meta property=\"og:type\" content=\"article\" \/>\n<meta property=\"og:title\" content=\"Un premier colloque ax\u00e9 sur ces personnes au c\u0153ur des soins de sant\u00e9 - Health Workforce Canada\" \/>\n<meta property=\"og:description\" content=\"\u00c0 Montr\u00e9al, les 30 et 31\u202foctobre\u202f2024, des dirigeants des syst\u00e8mes de sant\u00e9, des employeurs, des d\u00e9cideurs, des professionnels de la sant\u00e9, des chercheurs, des soignants et des patients ont \u00e9chang\u00e9 des id\u00e9es sur la mani\u00e8re de soutenir le personnel de sant\u00e9 du Canada, ces prestataires de soins de sant\u00e9 essentiels. \u00c0 Effectif de la sant\u00e9 [&hellip;]\" \/>\n<meta property=\"og:url\" content=\"https:\/\/healthworkforce.ca\/fr\/un-premier-colloque-axe-sur-ces-personnes-au-coeur-des-soins-de-sante\/\" \/>\n<meta property=\"og:site_name\" content=\"Health Workforce Canada\" \/>\n<meta property=\"article:published_time\" content=\"2024-11-15T01:57:29+00:00\" \/>\n<meta property=\"article:modified_time\" content=\"2024-11-18T15:18:16+00:00\" \/>\n<meta property=\"og:image\" content=\"https:\/\/healthworkforce.ca\/wp-content\/uploads\/2024\/11\/Heatlh-Workforce-Canada-Connects-SWP-84-scaled-1-1024x683.jpg\" \/>\n<meta name=\"author\" content=\"Hamza Shakeel\" \/>\n<meta name=\"twitter:card\" content=\"summary_large_image\" \/>\n<meta name=\"twitter:label1\" content=\"\u00c9crit par\" \/>\n\t<meta name=\"twitter:data1\" content=\"Hamza Shakeel\" \/>\n\t<meta name=\"twitter:label2\" content=\"Dur\u00e9e de lecture estim\u00e9e\" \/>\n\t<meta name=\"twitter:data2\" content=\"2 minutes\" \/>\n<script type=\"application\/ld+json\" class=\"yoast-schema-graph\">{\"@context\":\"https:\/\/schema.org\",\"@graph\":[{\"@type\":\"Article\",\"@id\":\"https:\/\/healthworkforce.ca\/fr\/un-premier-colloque-axe-sur-ces-personnes-au-coeur-des-soins-de-sante\/#article\",\"isPartOf\":{\"@id\":\"https:\/\/healthworkforce.ca\/fr\/un-premier-colloque-axe-sur-ces-personnes-au-coeur-des-soins-de-sante\/\"},\"author\":{\"name\":\"Hamza Shakeel\",\"@id\":\"https:\/\/healthworkforce.ca\/fr\/#\/schema\/person\/831ba4d87a5b42f6e99be573b8cb5ac1\"},\"headline\":\"Un premier colloque ax\u00e9 sur ces personnes au c\u0153ur des soins de sant\u00e9\",\"datePublished\":\"2024-11-15T01:57:29+00:00\",\"dateModified\":\"2024-11-18T15:18:16+00:00\",\"mainEntityOfPage\":{\"@id\":\"https:\/\/healthworkforce.ca\/fr\/un-premier-colloque-axe-sur-ces-personnes-au-coeur-des-soins-de-sante\/\"},\"wordCount\":421,\"commentCount\":0,\"publisher\":{\"@id\":\"https:\/\/healthworkforce.ca\/fr\/#organization\"},\"image\":{\"@id\":\"https:\/\/healthworkforce.ca\/fr\/un-premier-colloque-axe-sur-ces-personnes-au-coeur-des-soins-de-sante\/#primaryimage\"},\"thumbnailUrl\":\"https:\/\/healthworkforce.ca\/wp-content\/uploads\/2024\/11\/Heatlh-Workforce-Canada-Connects-SWP-84-scaled-1-1024x683.jpg\",\"articleSection\":[\"Blogue\"],\"inLanguage\":\"fr-FR\",\"potentialAction\":[{\"@type\":\"CommentAction\",\"name\":\"Comment\",\"target\":[\"https:\/\/healthworkforce.ca\/fr\/un-premier-colloque-axe-sur-ces-personnes-au-coeur-des-soins-de-sante\/#respond\"]}]},{\"@type\":\"WebPage\",\"@id\":\"https:\/\/healthworkforce.ca\/fr\/un-premier-colloque-axe-sur-ces-personnes-au-coeur-des-soins-de-sante\/\",\"url\":\"https:\/\/healthworkforce.ca\/fr\/un-premier-colloque-axe-sur-ces-personnes-au-coeur-des-soins-de-sante\/\",\"name\":\"Un premier colloque ax\u00e9 sur ces personnes au c\u0153ur des soins de sant\u00e9 - Health Workforce Canada\",\"isPartOf\":{\"@id\":\"https:\/\/healthworkforce.ca\/fr\/#website\"},\"primaryImageOfPage\":{\"@id\":\"https:\/\/healthworkforce.ca\/fr\/un-premier-colloque-axe-sur-ces-personnes-au-coeur-des-soins-de-sante\/#primaryimage\"},\"image\":{\"@id\":\"https:\/\/healthworkforce.ca\/fr\/un-premier-colloque-axe-sur-ces-personnes-au-coeur-des-soins-de-sante\/#primaryimage\"},\"thumbnailUrl\":\"https:\/\/healthworkforce.ca\/wp-content\/uploads\/2024\/11\/Heatlh-Workforce-Canada-Connects-SWP-84-scaled-1-1024x683.jpg\",\"datePublished\":\"2024-11-15T01:57:29+00:00\",\"dateModified\":\"2024-11-18T15:18:16+00:00\",\"breadcrumb\":{\"@id\":\"https:\/\/healthworkforce.ca\/fr\/un-premier-colloque-axe-sur-ces-personnes-au-coeur-des-soins-de-sante\/#breadcrumb\"},\"inLanguage\":\"fr-FR\",\"potentialAction\":[{\"@type\":\"ReadAction\",\"target\":[\"https:\/\/healthworkforce.ca\/fr\/un-premier-colloque-axe-sur-ces-personnes-au-coeur-des-soins-de-sante\/\"]}]},{\"@type\":\"ImageObject\",\"inLanguage\":\"fr-FR\",\"@id\":\"https:\/\/healthworkforce.ca\/fr\/un-premier-colloque-axe-sur-ces-personnes-au-coeur-des-soins-de-sante\/#primaryimage\",\"url\":\"https:\/\/healthworkforce.ca\/wp-content\/uploads\/2024\/11\/Heatlh-Workforce-Canada-Connects-SWP-84-scaled-1-1024x683.jpg\",\"contentUrl\":\"https:\/\/healthworkforce.ca\/wp-content\/uploads\/2024\/11\/Heatlh-Workforce-Canada-Connects-SWP-84-scaled-1-1024x683.jpg\"},{\"@type\":\"BreadcrumbList\",\"@id\":\"https:\/\/healthworkforce.ca\/fr\/un-premier-colloque-axe-sur-ces-personnes-au-coeur-des-soins-de-sante\/#breadcrumb\",\"itemListElement\":[]},{\"@type\":\"WebSite\",\"@id\":\"https:\/\/healthworkforce.ca\/fr\/#website\",\"url\":\"https:\/\/healthworkforce.ca\/fr\/\",\"name\":\"Health Workforce Canada\",\"description\":\"\",\"publisher\":{\"@id\":\"https:\/\/healthworkforce.ca\/fr\/#organization\"},\"potentialAction\":[{\"@type\":\"SearchAction\",\"target\":{\"@type\":\"EntryPoint\",\"urlTemplate\":\"https:\/\/healthworkforce.ca\/fr\/?s={search_term_string}\"},\"query-input\":{\"@type\":\"PropertyValueSpecification\",\"valueRequired\":true,\"valueName\":\"search_term_string\"}}],\"inLanguage\":\"fr-FR\"},{\"@type\":\"Organization\",\"@id\":\"https:\/\/healthworkforce.ca\/fr\/#organization\",\"name\":\"Health Workforce Canada\",\"alternateName\":\"HWC\",\"url\":\"https:\/\/healthworkforce.ca\/fr\/\",\"logo\":{\"@type\":\"ImageObject\",\"inLanguage\":\"fr-FR\",\"@id\":\"https:\/\/healthworkforce.ca\/fr\/#\/schema\/logo\/image\/\",\"url\":\"https:\/\/healthworkforce.ca\/wp-content\/uploads\/2024\/06\/HWC-logo.svg\",\"contentUrl\":\"https:\/\/healthworkforce.ca\/wp-content\/uploads\/2024\/06\/HWC-logo.svg\",\"width\":1871,\"height\":344,\"caption\":\"Health Workforce Canada\"},\"image\":{\"@id\":\"https:\/\/healthworkforce.ca\/fr\/#\/schema\/logo\/image\/\"},\"sameAs\":[\"https:\/\/www.linkedin.com\/company\/health-workforce-canada\/\"]},{\"@type\":\"Person\",\"@id\":\"https:\/\/healthworkforce.ca\/fr\/#\/schema\/person\/831ba4d87a5b42f6e99be573b8cb5ac1\",\"name\":\"Hamza Shakeel\",\"image\":{\"@type\":\"ImageObject\",\"inLanguage\":\"fr-FR\",\"@id\":\"https:\/\/secure.gravatar.com\/avatar\/de684f511df75702d733ecaba70366f1e9ae63cdc904a6df062019ba6b6e276f?s=96&d=mm&r=g\",\"url\":\"https:\/\/secure.gravatar.com\/avatar\/de684f511df75702d733ecaba70366f1e9ae63cdc904a6df062019ba6b6e276f?s=96&d=mm&r=g\",\"contentUrl\":\"https:\/\/secure.gravatar.com\/avatar\/de684f511df75702d733ecaba70366f1e9ae63cdc904a6df062019ba6b6e276f?s=96&d=mm&r=g\",\"caption\":\"Hamza Shakeel\"},\"url\":\"https:\/\/healthworkforce.ca\/fr\/author\/hshakeelhealthworkforce-ca\/\"}]}<\/script>\n<!-- \/ Yoast SEO plugin. -->","yoast_head_json":{"title":"Un premier colloque ax\u00e9 sur ces personnes au c\u0153ur des soins de sant\u00e9 - Health Workforce Canada","robots":{"index":"index","follow":"follow","max-snippet":"max-snippet:-1","max-image-preview":"max-image-preview:large","max-video-preview":"max-video-preview:-1"},"canonical":"https:\/\/healthworkforce.ca\/fr\/un-premier-colloque-axe-sur-ces-personnes-au-coeur-des-soins-de-sante\/","og_locale":"fr_FR","og_type":"article","og_title":"Un premier colloque ax\u00e9 sur ces personnes au c\u0153ur des soins de sant\u00e9 - Health Workforce Canada","og_description":"\u00c0 Montr\u00e9al, les 30 et 31\u202foctobre\u202f2024, des dirigeants des syst\u00e8mes de sant\u00e9, des employeurs, des d\u00e9cideurs, des professionnels de la sant\u00e9, des chercheurs, des soignants et des patients ont \u00e9chang\u00e9 des id\u00e9es sur la mani\u00e8re de soutenir le personnel de sant\u00e9 du Canada, ces prestataires de soins de sant\u00e9 essentiels. \u00c0 Effectif de la sant\u00e9 [&hellip;]","og_url":"https:\/\/healthworkforce.ca\/fr\/un-premier-colloque-axe-sur-ces-personnes-au-coeur-des-soins-de-sante\/","og_site_name":"Health Workforce Canada","article_published_time":"2024-11-15T01:57:29+00:00","article_modified_time":"2024-11-18T15:18:16+00:00","og_image":[{"url":"https:\/\/healthworkforce.ca\/wp-content\/uploads\/2024\/11\/Heatlh-Workforce-Canada-Connects-SWP-84-scaled-1-1024x683.jpg","type":"","width":"","height":""}],"author":"Hamza Shakeel","twitter_card":"summary_large_image","twitter_misc":{"\u00c9crit par":"Hamza Shakeel","Dur\u00e9e de lecture estim\u00e9e":"2 minutes"},"schema":{"@context":"https:\/\/schema.org","@graph":[{"@type":"Article","@id":"https:\/\/healthworkforce.ca\/fr\/un-premier-colloque-axe-sur-ces-personnes-au-coeur-des-soins-de-sante\/#article","isPartOf":{"@id":"https:\/\/healthworkforce.ca\/fr\/un-premier-colloque-axe-sur-ces-personnes-au-coeur-des-soins-de-sante\/"},"author":{"name":"Hamza Shakeel","@id":"https:\/\/healthworkforce.ca\/fr\/#\/schema\/person\/831ba4d87a5b42f6e99be573b8cb5ac1"},"headline":"Un premier colloque ax\u00e9 sur ces personnes au c\u0153ur des soins de sant\u00e9","datePublished":"2024-11-15T01:57:29+00:00","dateModified":"2024-11-18T15:18:16+00:00","mainEntityOfPage":{"@id":"https:\/\/healthworkforce.ca\/fr\/un-premier-colloque-axe-sur-ces-personnes-au-coeur-des-soins-de-sante\/"},"wordCount":421,"commentCount":0,"publisher":{"@id":"https:\/\/healthworkforce.ca\/fr\/#organization"},"image":{"@id":"https:\/\/healthworkforce.ca\/fr\/un-premier-colloque-axe-sur-ces-personnes-au-coeur-des-soins-de-sante\/#primaryimage"},"thumbnailUrl":"https:\/\/healthworkforce.ca\/wp-content\/uploads\/2024\/11\/Heatlh-Workforce-Canada-Connects-SWP-84-scaled-1-1024x683.jpg","articleSection":["Blogue"],"inLanguage":"fr-FR","potentialAction":[{"@type":"CommentAction","name":"Comment","target":["https:\/\/healthworkforce.ca\/fr\/un-premier-colloque-axe-sur-ces-personnes-au-coeur-des-soins-de-sante\/#respond"]}]},{"@type":"WebPage","@id":"https:\/\/healthworkforce.ca\/fr\/un-premier-colloque-axe-sur-ces-personnes-au-coeur-des-soins-de-sante\/","url":"https:\/\/healthworkforce.ca\/fr\/un-premier-colloque-axe-sur-ces-personnes-au-coeur-des-soins-de-sante\/","name":"Un premier colloque ax\u00e9 sur ces personnes au c\u0153ur des soins de sant\u00e9 - Health Workforce Canada","isPartOf":{"@id":"https:\/\/healthworkforce.ca\/fr\/#website"},"primaryImageOfPage":{"@id":"https:\/\/healthworkforce.ca\/fr\/un-premier-colloque-axe-sur-ces-personnes-au-coeur-des-soins-de-sante\/#primaryimage"},"image":{"@id":"https:\/\/healthworkforce.ca\/fr\/un-premier-colloque-axe-sur-ces-personnes-au-coeur-des-soins-de-sante\/#primaryimage"},"thumbnailUrl":"https:\/\/healthworkforce.ca\/wp-content\/uploads\/2024\/11\/Heatlh-Workforce-Canada-Connects-SWP-84-scaled-1-1024x683.jpg","datePublished":"2024-11-15T01:57:29+00:00","dateModified":"2024-11-18T15:18:16+00:00","breadcrumb":{"@id":"https:\/\/healthworkforce.ca\/fr\/un-premier-colloque-axe-sur-ces-personnes-au-coeur-des-soins-de-sante\/#breadcrumb"},"inLanguage":"fr-FR","potentialAction":[{"@type":"ReadAction","target":["https:\/\/healthworkforce.ca\/fr\/un-premier-colloque-axe-sur-ces-personnes-au-coeur-des-soins-de-sante\/"]}]},{"@type":"ImageObject","inLanguage":"fr-FR","@id":"https:\/\/healthworkforce.ca\/fr\/un-premier-colloque-axe-sur-ces-personnes-au-coeur-des-soins-de-sante\/#primaryimage","url":"https:\/\/healthworkforce.ca\/wp-content\/uploads\/2024\/11\/Heatlh-Workforce-Canada-Connects-SWP-84-scaled-1-1024x683.jpg","contentUrl":"https:\/\/healthworkforce.ca\/wp-content\/uploads\/2024\/11\/Heatlh-Workforce-Canada-Connects-SWP-84-scaled-1-1024x683.jpg"},{"@type":"BreadcrumbList","@id":"https:\/\/healthworkforce.ca\/fr\/un-premier-colloque-axe-sur-ces-personnes-au-coeur-des-soins-de-sante\/#breadcrumb","itemListElement":[]},{"@type":"WebSite","@id":"https:\/\/healthworkforce.ca\/fr\/#website","url":"https:\/\/healthworkforce.ca\/fr\/","name":"Health Workforce Canada","description":"","publisher":{"@id":"https:\/\/healthworkforce.ca\/fr\/#organization"},"potentialAction":[{"@type":"SearchAction","target":{"@type":"EntryPoint","urlTemplate":"https:\/\/healthworkforce.ca\/fr\/?s={search_term_string}"},"query-input":{"@type":"PropertyValueSpecification","valueRequired":true,"valueName":"search_term_string"}}],"inLanguage":"fr-FR"},{"@type":"Organization","@id":"https:\/\/healthworkforce.ca\/fr\/#organization","name":"Health Workforce Canada","alternateName":"HWC","url":"https:\/\/healthworkforce.ca\/fr\/","logo":{"@type":"ImageObject","inLanguage":"fr-FR","@id":"https:\/\/healthworkforce.ca\/fr\/#\/schema\/logo\/image\/","url":"https:\/\/healthworkforce.ca\/wp-content\/uploads\/2024\/06\/HWC-logo.svg","contentUrl":"https:\/\/healthworkforce.ca\/wp-content\/uploads\/2024\/06\/HWC-logo.svg","width":1871,"height":344,"caption":"Health Workforce Canada"},"image":{"@id":"https:\/\/healthworkforce.ca\/fr\/#\/schema\/logo\/image\/"},"sameAs":["https:\/\/www.linkedin.com\/company\/health-workforce-canada\/"]},{"@type":"Person","@id":"https:\/\/healthworkforce.ca\/fr\/#\/schema\/person\/831ba4d87a5b42f6e99be573b8cb5ac1","name":"Hamza Shakeel","image":{"@type":"ImageObject","inLanguage":"fr-FR","@id":"https:\/\/secure.gravatar.com\/avatar\/de684f511df75702d733ecaba70366f1e9ae63cdc904a6df062019ba6b6e276f?s=96&d=mm&r=g","url":"https:\/\/secure.gravatar.com\/avatar\/de684f511df75702d733ecaba70366f1e9ae63cdc904a6df062019ba6b6e276f?s=96&d=mm&r=g","contentUrl":"https:\/\/secure.gravatar.com\/avatar\/de684f511df75702d733ecaba70366f1e9ae63cdc904a6df062019ba6b6e276f?s=96&d=mm&r=g","caption":"Hamza Shakeel"},"url":"https:\/\/healthworkforce.ca\/fr\/author\/hshakeelhealthworkforce-ca\/"}]}},"_links":{"self":[{"href":"https:\/\/healthworkforce.ca\/fr\/wp-json\/wp\/v2\/posts\/1411","targetHints":{"allow":["GET"]}}],"collection":[{"href":"https:\/\/healthworkforce.ca\/fr\/wp-json\/wp\/v2\/posts"}],"about":[{"href":"https:\/\/healthworkforce.ca\/fr\/wp-json\/wp\/v2\/types\/post"}],"author":[{"embeddable":true,"href":"https:\/\/healthworkforce.ca\/fr\/wp-json\/wp\/v2\/users\/3"}],"replies":[{"embeddable":true,"href":"https:\/\/healthworkforce.ca\/fr\/wp-json\/wp\/v2\/comments?post=1411"}],"version-history":[{"count":0,"href":"https:\/\/healthworkforce.ca\/fr\/wp-json\/wp\/v2\/posts\/1411\/revisions"}],"wp:attachment":[{"href":"https:\/\/healthworkforce.ca\/fr\/wp-json\/wp\/v2\/media?parent=1411"}],"wp:term":[{"taxonomy":"category","embeddable":true,"href":"https:\/\/healthworkforce.ca\/fr\/wp-json\/wp\/v2\/categories?post=1411"},{"taxonomy":"post_tag","embeddable":true,"href":"https:\/\/healthworkforce.ca\/fr\/wp-json\/wp\/v2\/tags?post=1411"}],"curies":[{"name":"wp","href":"https:\/\/api.w.org\/{rel}","templated":true}]}}